{"id":15838,"date":"2025-12-09T10:23:00","date_gmt":"2025-12-09T10:23:00","guid":{"rendered":"https:\/\/firmadlakazdego.pl\/?p=15838"},"modified":"2026-01-08T14:32:53","modified_gmt":"2026-01-08T14:32:53","slug":"ile-wynosi-najnizsza-krajowa-i-koszt-calkowity-zatrudnienia-pracownika-w-2026-roku","status":"publish","type":"post","link":"https:\/\/firmadlakazdego.pl\/ile-wynosi-najnizsza-krajowa-i-koszt-calkowity-zatrudnienia-pracownika-w-2026-roku\/","title":{"rendered":"Ile wynosi najni\u017csza krajowa i koszt ca\u0142kowity zatrudnienia pracownika w 2026 roku?"},"content":{"rendered":"\n<p>Od 1 stycznia 2026 roku minimalne wynagrodzenie za prac\u0119 w Polsce wynosi&nbsp;<strong>4806 z\u0142 brutto<\/strong>&nbsp;miesi\u0119cznie, co stanowi wzrost o 140 z\u0142 w stosunku do 2025 roku. Minimalna stawka godzinowa dla um\u00f3w cywilnoprawnych wzrasta do&nbsp;<strong>31,40 z\u0142 brutto<\/strong>. To rozwi\u0105zanie, zgodnie z rozporz\u0105dzeniem Rady Ministr\u00f3w z 11 wrze\u015bnia 2025 roku, obowi\u0105zuje przez ca\u0142y rok \u2013 nie zaplanowano drugiej podwy\u017cki w po\u0142owie roku, co stabilizuje planowanie bud\u017cet\u00f3w w firmach. Pracodawca zatrudniaj\u0105cy pracownika na minimalnej pensji musi si\u0119 liczy\u0107 z ca\u0142kowitym kosztem zatrudnienia na poziomie&nbsp;<strong>5790,28 z\u0142 miesi\u0119cznie<\/strong>. Ta kwota uwzgl\u0119dnia zar\u00f3wno wynagrodzenie brutto, jak i wszystkie sk\u0142adki ZUS oraz fundusze pokrywane przez pracodawc\u0119.<\/p>\n\n\n\n<p>Warto podkre\u015bli\u0107, \u017ce z kwoty 4806 z\u0142 brutto, pracownik otrzyma netto \u2013 przy standardowych za\u0142o\u017ceniach (umowa o prac\u0119, powy\u017cej 26 lat, bez PPK, z\u0142o\u017cony PIT-2) \u2013 oko\u0142o&nbsp;<strong>3605,85 z\u0142<\/strong>. Rozbie\u017cno\u015b\u0107 wynika z obowi\u0105zkowych potr\u0105ce\u0144: sk\u0142adek ZUS, sk\u0142adki zdrowotnej i podatku PIT. Dla uczestnik\u00f3w Pracowniczych Plan\u00f3w Kapita\u0142owych (PPK) kwota netto b\u0119dzie nieco ni\u017csza, ze wzgl\u0119du na dodatkowe potr\u0105cenia.<\/p>\n\n\n\n<h2 class=\"wp-block-heading\">Jak ro\u015bnie najni\u017csza krajowa i jakie s\u0105 konsekwencje dla firm?<\/h2>\n\n\n\n<p>Tempo wzrostu p\u0142acy minimalnej w Polsce w ostatniej dekadzie by\u0142o wyj\u0105tkowo dynamiczne. W latach 2020\u20132026 minimalne wynagrodzenie wzros\u0142o z 2600 z\u0142 do 4806 z\u0142 brutto, czyli o blisko 85%. Tak silne podwy\u017cki oznaczaj\u0105 dla pracodawc\u00f3w niemal podwojenie koszt\u00f3w zatrudnienia na przestrzeni sze\u015bciu lat. W praktyce, jak wynika z danych rz\u0105dowych oraz analizy Ministerstwa Rodziny, Pracy i Polityki Spo\u0142ecznej, wzrost minimalnej pensji poci\u0105ga za sob\u0105 wzrost wszystkich \u015bwiadcze\u0144 powi\u0105zanych z t\u0105 kwot\u0105 \u2013 od stawek za prac\u0119 w nocy i odpraw, przez limity \u015bwiadcze\u0144 socjalnych, po wy\u017csze sk\u0142adki ZUS.<\/p>\n\n\n\n<p>Dla pracodawc\u00f3w, zw\u0142aszcza w sektorze M\u015aP, regularne podwy\u017cki p\u0142acy minimalnej to realne wyzwanie dla bud\u017cet\u00f3w. W bran\u017cach, gdzie wi\u0119kszo\u015b\u0107 pracownik\u00f3w zarabia najni\u017csz\u0105 krajow\u0105 (handel, gastronomia, transport, produkcja), podwy\u017cka o 140 z\u0142 brutto generuje wzrost kosztu zatrudnienia o oko\u0142o 170 z\u0142 miesi\u0119cznie na osob\u0119. Przedsi\u0119biorcy musz\u0105 wi\u0119c dostosowywa\u0107 polityki p\u0142acowe, analizowa\u0107 struktury wynagrodze\u0144 i rozwa\u017ca\u0107 optymalizacj\u0119 zatrudnienia, inwestycje w automatyzacj\u0119 lub zmiany w ofercie us\u0142ugowej.<\/p>\n\n\n\n<h2 class=\"wp-block-heading\">Jak obliczy\u0107 koszt ca\u0142kowity zatrudnienia pracownika na najni\u017cszej krajowej w 2026 roku?<\/h2>\n\n\n\n<p><strong>Koszt ca\u0142kowity zatrudnienia pracownika w 2026 roku<\/strong>&nbsp;to suma wynagrodzenia brutto i narzut\u00f3w sk\u0142adkowych oraz podatkowych po stronie pracodawcy. Przy p\u0142acy minimalnej 4806 z\u0142 brutto, sk\u0142adki naliczane przez pracodawc\u0119 kszta\u0142tuj\u0105 si\u0119 nast\u0119puj\u0105co:<\/p>\n\n\n\n<ul class=\"wp-block-list\">\n<li>Emerytalna (9,76%): 469,07 z\u0142<\/li>\n\n\n\n<li>Rentowa (6,5%): 312,39 z\u0142<\/li>\n\n\n\n<li>Wypadkowa (1,67%): 80,26 z\u0142<\/li>\n\n\n\n<li>Fundusz Pracy (2,45%): 117,75 z\u0142<\/li>\n\n\n\n<li>Fundusz Gwarantowanych \u015awiadcze\u0144 Pracowniczych (0,10%): 4,81 z\u0142<\/li>\n<\/ul>\n\n\n\n<p>\u0141\u0105czny koszt po stronie pracodawcy stanowi oko\u0142o 20,48% wynagrodzenia brutto, czyli 984,28 z\u0142. Dodaj\u0105c to do kwoty 4806 z\u0142, uzyskujemy\u00a0<strong>ca\u0142kowity koszt zatrudnienia \u2013 5790,28 z\u0142<\/strong>. Je\u017celi pracownik uczestniczy w PPK, nale\u017cy doliczy\u0107 po stronie pracodawcy dodatkowe 1,5% wynagrodzenia brutto (72,09 z\u0142).<\/p>\n\n\n\n<p>Warto pami\u0119ta\u0107, \u017ce do koszt\u00f3w zatrudnienia nale\u017cy doliczy\u0107 tak\u017ce wydatki po\u015brednie: badania lekarskie i szkolenia BHP, przygotowanie stanowiska pracy, odzie\u017c i narz\u0119dzia, a tak\u017ce koszty urlop\u00f3w i absencji chorobowych.<\/p>\n\n\n\n<h2 class=\"wp-block-heading\">Czy wszystkie sk\u0142adniki wynagrodzenia wliczaj\u0105 si\u0119 do najni\u017cszej krajowej?<\/h2>\n\n\n\n<p>Od 2026 roku zaczyna obowi\u0105zywa\u0107 harmonogram wy\u0142\u0105czania niekt\u00f3rych sk\u0142adnik\u00f3w z podstawy wynagrodzenia minimalnego. Dotychczas mo\u017cna by\u0142o \u201edope\u0142nia\u0107\u201d p\u0142ac\u0119 minimaln\u0105 np. premiami, dodatkami funkcyjnymi czy nagrodami regulaminowymi. Zgodnie z nowelizacj\u0105 ustawy, od 1 stycznia 2026 roku do minimalnej krajowej nie b\u0119dzie si\u0119 ju\u017c wlicza\u0142 dodatek funkcyjny, a w kolejnych latach wy\u0142\u0105czone zostan\u0105 tak\u017ce premie i nagrody (planowany termin ca\u0142kowitego wy\u0142\u0105czenia \u2013 2029 rok).<\/p>\n\n\n\n<p>W praktyce oznacza to, \u017ce&nbsp;<strong>wynagrodzenie zasadnicze<\/strong>&nbsp;pracownika zatrudnionego na pe\u0142ny etat&nbsp;<strong>nie mo\u017ce by\u0107 ni\u017csze ni\u017c 4806 z\u0142 brutto<\/strong>. Dodatki, premie i nagrody musz\u0105 by\u0107 wyp\u0142acane ponad t\u0119 kwot\u0119. Dotyczy to zar\u00f3wno pracownik\u00f3w etatowych, jak i os\u00f3b na umowie zleceniu, gdzie obowi\u0105zuje minimalna stawka godzinowa.<\/p>\n\n\n\n<h2 class=\"wp-block-heading\">Jakie s\u0105 skutki podwy\u017cki najni\u017cszej krajowej dla \u015bwiadcze\u0144 i limit\u00f3w?<\/h2>\n\n\n\n<p>Wzrost p\u0142acy minimalnej uruchamia tzw. efekt domina w systemie wynagrodze\u0144 i \u015bwiadcze\u0144. Przyk\u0142adowo, od 2026 roku:<\/p>\n\n\n\n<ul class=\"wp-block-list\">\n<li>Dodatek za prac\u0119 w nocy wzro\u015bnie do 6,01 z\u0142 za godzin\u0119 (20% stawki godzinowej z p\u0142acy minimalnej).<\/li>\n\n\n\n<li>Maksymalna odprawa przy zwolnieniach grupowych wyniesie 15-krotno\u015b\u0107 nowego minimum, czyli 72 090 z\u0142 brutto.<\/li>\n\n\n\n<li>Odszkodowania z tytu\u0142u dyskryminacji lub mobbingu nie mog\u0105 by\u0107 ni\u017csze ni\u017c 4806 z\u0142.<\/li>\n\n\n\n<li>Limit przychodu dla dzia\u0142alno\u015bci nierejestrowanej wzro\u015bnie do 10 813,50 z\u0142 kwartalnie (225% minimalnej krajowej na kwarta\u0142).<\/li>\n\n\n\n<li>Minimalna sk\u0142adka zdrowotna dla przedsi\u0119biorc\u00f3w wzro\u015bnie do 432,54 z\u0142 miesi\u0119cznie (wcze\u015bniej 314,96 z\u0142), bo podstaw\u0105 wyliczenia b\u0119dzie 100% minimalnego wynagrodzenia.<\/li>\n<\/ul>\n\n\n\n<p>Wszystkie te zmiany s\u0105 powi\u0105zane z wysoko\u015bci\u0105 najni\u017cszej krajowej, dlatego ka\u017cda jej podwy\u017cka przek\u0142ada si\u0119 bezpo\u015brednio na rosn\u0105ce koszty dla pracodawc\u00f3w.<\/p>\n\n\n\n<h2 class=\"wp-block-heading\">Jak wzrost p\u0142acy minimalnej wp\u0142ywa na r\u00f3\u017cne formy zatrudnienia?<\/h2>\n\n\n\n<p>W 2026 roku minimalne wynagrodzenie dotyczy nie tylko um\u00f3w o prac\u0119, ale tak\u017ce um\u00f3w zlecenia i um\u00f3w o \u015bwiadczenie us\u0142ug, do kt\u00f3rych stosuje si\u0119 przepisy o zleceniu. Minimalna stawka godzinowa wynosi tu 31,40 z\u0142 brutto. Pracodawca lub zleceniodawca ma obowi\u0105zek zagwarantowa\u0107 t\u0119 stawk\u0119 niezale\u017cnie od liczby godzin przypadaj\u0105cych do przepracowania w danym miesi\u0105cu.<\/p>\n\n\n\n<p>W przypadku um\u00f3w o dzie\u0142o nie ma obowi\u0105zku stosowania minimalnego wynagrodzenia, a wi\u0119c te umowy nie podlegaj\u0105 osk\u0142adkowaniu ZUS, co sprawia, \u017ce s\u0105 one ta\u0144sze w obs\u0142udze dla przedsi\u0119biorc\u00f3w. Jednak stosowanie um\u00f3w cywilnoprawnych wy\u0142\u0105cznie w celu omini\u0119cia przepis\u00f3w o umowie o prac\u0119 mo\u017ce skutkowa\u0107 powa\u017cnymi sankcjami \u2013 od kar finansowych po obowi\u0105zek wyp\u0142aty zaleg\u0142ych \u015bwiadcze\u0144.<\/p>\n\n\n\n<h2 class=\"wp-block-heading\">Jakie s\u0105 najcz\u0119stsze b\u0142\u0119dy w kalkulacji kosztu zatrudnienia w 2026 roku?<\/h2>\n\n\n\n<p>W praktyce, wiele firm niedoszacowuje ca\u0142kowitego kosztu zatrudnienia, pomijaj\u0105c narzuty ZUS po stronie pracodawcy, wp\u0142aty do PPK czy koszty pozap\u0142acowe, takie jak rekrutacja, szkolenia czy absencje pracownik\u00f3w. Cz\u0119sto nie uwzgl\u0119dnia si\u0119 te\u017c sezonowych lub jednorazowych wydatk\u00f3w. Przyk\u0142ad: je\u015bli firma zatrudnia kilku pracownik\u00f3w na p\u0142acy minimalnej, wzrost o 140 z\u0142 brutto oznacza w skali roku ponad 2000 z\u0142 dodatkowego kosztu na osob\u0119 \u2013 nie uwzgl\u0119dniaj\u0105c jeszcze rosn\u0105cych koszt\u00f3w benefit\u00f3w czy \u015bwiadcze\u0144.<\/p>\n\n\n\n<p>Aby unikn\u0105\u0107 b\u0142\u0119d\u00f3w, specjali\u015bci zalecaj\u0105 korzystanie z aktualnych kalkulator\u00f3w koszt\u00f3w pracowniczych i regularn\u0105 weryfikacj\u0119 danych w kontek\u015bcie zmian legislacyjnych.<\/p>\n\n\n\n<h2 class=\"wp-block-heading\">Jak optymalizowa\u0107 koszty zatrudnienia zgodnie z prawem?<\/h2>\n\n\n\n<p>Optymalizacja koszt\u00f3w zatrudnienia w warunkach rosn\u0105cej najni\u017cszej krajowej wymaga strategicznego podej\u015bcia. W praktyce firmy wykorzystuj\u0105:<\/p>\n\n\n\n<ol class=\"wp-block-list\">\n<li><strong>Elastyczne formy zatrudnienia<\/strong>\u00a0\u2013 umowy cywilnoprawne, outsourcing, praca projektowa (przy zachowaniu zgodno\u015bci z prawem pracy).<\/li>\n\n\n\n<li><strong>Benefity pozap\u0142acowe<\/strong>\u00a0\u2013 karty sportowe, prywatna opieka medyczna, elastyczny czas pracy, dofinansowania do szkole\u0144.<\/li>\n\n\n\n<li><strong>Wykorzystanie ulg i zwolnie\u0144<\/strong>\u00a0\u2013 preferencyjne sk\u0142adki ZUS dla m\u0142odych firm, ulgi podatkowe dla pracownik\u00f3w do 26 roku \u017cycia, zwolnienia z FP i FG\u015aP dla wybranych grup.<\/li>\n\n\n\n<li><strong>Automatyzacj\u0119 i cyfryzacj\u0119 proces\u00f3w<\/strong>\u00a0\u2013 wdro\u017cenie system\u00f3w HR i payroll, kt\u00f3re pozwalaj\u0105 lepiej kontrolowa\u0107 koszty i optymalizowa\u0107 wydajno\u015b\u0107 zespo\u0142u.<\/li>\n<\/ol>\n\n\n\n<p>Warto r\u00f3wnie\u017c analizowa\u0107, czy struktura benefit\u00f3w i dodatk\u00f3w motywacyjnych jest dostosowana do aktualnych potrzeb pracownik\u00f3w oraz czy nie istniej\u0105 obszary, w kt\u00f3rych mo\u017cna osi\u0105gn\u0105\u0107 oszcz\u0119dno\u015bci bez pogarszania warunk\u00f3w pracy.<\/p>\n\n\n\n<h2 class=\"wp-block-heading\">Jakie s\u0105 obowi\u0105zki i ryzyka dla pracodawc\u00f3w w 2026 roku?<\/h2>\n\n\n\n<p>Obowi\u0105zek wyp\u0142aty wynagrodzenia co najmniej na poziomie minimalnym obowi\u0105zuje wszystkich pracodawc\u00f3w zatrudniaj\u0105cych w oparciu o umow\u0119 o prac\u0119 lub umowy cywilnoprawne obj\u0119te ustaw\u0105. Niedope\u0142nienie tego obowi\u0105zku to ryzyko wysokich kar \u2013 grzywna do 30 000 z\u0142 za umow\u0119 o prac\u0119 i do 45 000 z\u0142 za umowy cywilnoprawne, a tak\u017ce obowi\u0105zek wyp\u0142aty zaleg\u0142ych wynagrodze\u0144 wraz z odsetkami.<\/p>\n\n\n\n<p>Pracownicy mog\u0105 dochodzi\u0107 swoich praw zar\u00f3wno przed Pa\u0144stwow\u0105 Inspekcj\u0105 Pracy, jak i w s\u0105dzie pracy. Przedawnienie roszcze\u0144 wynosi trzy lata od terminu wymagalno\u015bci wynagrodzenia. Warto tak\u017ce pami\u0119ta\u0107, \u017ce od 2026 roku podniesione zostan\u0105 limity odpowiedzialno\u015bci karnej za wykroczenia skarbowe i maksymalne kary administracyjne.<\/p>\n\n\n\n<h2 class=\"wp-block-heading\">Jakie wyzwania niesie wzrost koszt\u00f3w zatrudnienia?<\/h2>\n\n\n\n<p>Regularny wzrost najni\u017cszej krajowej a koszt ca\u0142kowity zatrudnienia pracownika w 2026 roku to wyzwanie, kt\u00f3re wymusza na firmach wi\u0119ksz\u0105 efektywno\u015b\u0107 i elastyczno\u015b\u0107. Cz\u0119\u015b\u0107 przedsi\u0119biorstw b\u0119dzie musia\u0142a rozwa\u017cy\u0107 inwestycje w automatyzacj\u0119, ograniczenie etat\u00f3w lub podniesienie cen us\u0142ug i towar\u00f3w. Dla innych, wy\u017csze wynagrodzenia mog\u0105 by\u0107 szans\u0105 na przyci\u0105gni\u0119cie i utrzymanie talent\u00f3w oraz budowanie przewagi konkurencyjnej na rynku pracy.<\/p>\n\n\n\n<p>Wy\u017csza p\u0142aca minimalna to r\u00f3wnie\u017c korzy\u015bci dla samych pracownik\u00f3w \u2013 wi\u0119ksze bezpiecze\u0144stwo socjalne, wy\u017csze \u015bwiadczenia (np. chorobowe, macierzy\u0144skie), lepsza motywacja do pracy i mniejsza rotacja w zespo\u0142ach. Dla firm, kt\u00f3re ju\u017c dzi\u015b inwestuj\u0105 w cyfryzacj\u0119 i nowoczesne narz\u0119dzia zarz\u0105dzania, nadchodz\u0105cy rok mo\u017ce by\u0107 impulsem do dalszego rozwoju i optymalizacji proces\u00f3w HR.<\/p>\n\n\n\n<h2 class=\"wp-block-heading\">Zapraszamy do kontaktu<\/h2>\n\n\n\n<p>Je\u015bli potrzebujesz profesjonalnego wsparcia w zakresie\u00a0<strong>zatrudnienia pracownika w 2026 roku<\/strong>, zapraszamy do\u00a0<strong>Firmy dla Ka\u017cdego<\/strong>. Inkubator przedsi\u0119biorczo\u015bci wspiera zar\u00f3wno freelancer\u00f3w, jak i osoby testuj\u0105ce biznes, oferuj\u0105c legalne i bezpieczne rozwi\u0105zania umo\u017cliwiaj\u0105ce prowadzenie dzia\u0142alno\u015bci bez konieczno\u015bci rejestracji JDG oraz bez wysokich sk\u0142adek ZUS. Szczeg\u00f3\u0142y znajdziesz na\u00a0<a href=\"\/\">firmadlakazdego.pl<\/a>.<\/p>\n","protected":false},"excerpt":{"rendered":"<p>Od 1 stycznia 2026 roku minimalne wynagrodzenie za prac\u0119 w Polsce wynosi&nbsp;4806 z\u0142 brutto&nbsp;miesi\u0119cznie, co stanowi wzrost o 140 z\u0142 w stosunku do 2025 roku. Minimalna stawka godzinowa dla um\u00f3w cywilnoprawnych wzrasta do&nbsp;31,40 z\u0142 brutto. To rozwi\u0105zanie, zgodnie z rozporz\u0105dzeniem Rady Ministr\u00f3w z 11 wrze\u015bnia 2025 roku, obowi\u0105zuje przez ca\u0142y rok \u2013 nie zaplanowano drugiej [&hellip;]<\/p>\n","protected":false},"author":2,"featured_media":15839,"comment_status":"open","ping_status":"open","sticky":false,"template":"","format":"standard","meta":{"rank_math_lock_modified_date":false,"inline_featured_image":false,"footnotes":""},"categories":[7,10,6],"tags":[],"class_list":["post-15838","post","type-post","status-publish","format-standard","has-post-thumbnail","hentry","category-biznes","category-blog","category-ekonomia-gospodarka"],"acf":[],"_links":{"self":[{"href":"https:\/\/firmadlakazdego.pl\/action\/wp\/v2\/posts\/15838"}],"collection":[{"href":"https:\/\/firmadlakazdego.pl\/action\/wp\/v2\/posts"}],"about":[{"href":"https:\/\/firmadlakazdego.pl\/action\/wp\/v2\/types\/post"}],"author":[{"embeddable":true,"href":"https:\/\/firmadlakazdego.pl\/action\/wp\/v2\/users\/2"}],"replies":[{"embeddable":true,"href":"https:\/\/firmadlakazdego.pl\/action\/wp\/v2\/comments?post=15838"}],"version-history":[{"count":1,"href":"https:\/\/firmadlakazdego.pl\/action\/wp\/v2\/posts\/15838\/revisions"}],"predecessor-version":[{"id":15842,"href":"https:\/\/firmadlakazdego.pl\/action\/wp\/v2\/posts\/15838\/revisions\/15842"}],"wp:featuredmedia":[{"embeddable":true,"href":"https:\/\/firmadlakazdego.pl\/action\/wp\/v2\/media\/15839"}],"wp:attachment":[{"href":"https:\/\/firmadlakazdego.pl\/action\/wp\/v2\/media?parent=15838"}],"wp:term":[{"taxonomy":"category","embeddable":true,"href":"https:\/\/firmadlakazdego.pl\/action\/wp\/v2\/categories?post=15838"},{"taxonomy":"post_tag","embeddable":true,"href":"https:\/\/firmadlakazdego.pl\/action\/wp\/v2\/tags?post=15838"}],"curies":[{"name":"wp","href":"https:\/\/api.w.org\/{rel}","templated":true}]}}