{"id":14944,"date":"2024-05-15T09:47:00","date_gmt":"2024-05-15T09:47:00","guid":{"rendered":"https:\/\/firmadlakazdego.pl\/?p=14944"},"modified":"2024-05-16T19:55:48","modified_gmt":"2024-05-16T19:55:48","slug":"kto-potrzebuje-wizy-do-polski","status":"publish","type":"post","link":"https:\/\/firmadlakazdego.pl\/kto-potrzebuje-wizy-do-polski\/","title":{"rendered":"Kto potrzebuje wizy do Polski?"},"content":{"rendered":"\n<p>Kto potrzebuje wizy do Polski? Kto musi mie\u0107 wiz\u0119 do Polski? Z niniejszego artyku\u0142u dowiesz si\u0119 o celach wydawania wiz krajowych oraz wiz Schengen\u2026<\/p>\n\n\n\n<h2 class=\"wp-block-heading\"><strong>Wiza do Polski \u2014 kto potrzebuje i jakie s\u0105 mo\u017cliwo\u015bci?<\/strong><\/h2>\n\n\n\n<p><a href=\"https:\/\/firmadlakazdego.pl\/wizy-dla-bialorusinow-do-polski-2024\/\">Bia\u0142orusin<\/a>, a tak\u017ce ka\u017cdy inny cudzoziemiec, kt\u00f3ry chce legalnie przebywa\u0107 w Polsce, potrzebuje do tego celu <strong>specjalny dokument<\/strong>.<\/p>\n\n\n\n<p>Dokumentem tym mo\u017ce by\u0107 <strong>wiza<\/strong>, w tym:<\/p>\n\n\n\n<ul class=\"wp-block-list\">\n<li>Wiza typu C, czyli wiza Schengen,<\/li>\n\n\n\n<li>Wiza typu D, a wi\u0119c wiza krajowa,<\/li>\n\n\n\n<li>Wiza D21, a wi\u0119c wiza humanitarna, kt\u00f3ra wydawana jest ze wzgl\u0119d\u00f3w humanitarnych, z uwagi na interes pa\u0144stwa lub zobowi\u0105zania mi\u0119dzynarodowe.<\/li>\n<\/ul>\n\n\n\n<figure class=\"wp-block-image size-large\"><img loading=\"lazy\" decoding=\"async\" width=\"1024\" height=\"550\" src=\"https:\/\/firmadlakazdego.pl\/wp-content\/uploads\/FDK-Kto-potrzebuje-wizy-do-Polski-1024x550.png\" alt=\"\" class=\"wp-image-14945\" srcset=\"https:\/\/firmadlakazdego.pl\/wp-content\/uploads\/FDK-Kto-potrzebuje-wizy-do-Polski-1024x550.png 1024w, https:\/\/firmadlakazdego.pl\/wp-content\/uploads\/FDK-Kto-potrzebuje-wizy-do-Polski-600x322.png 600w, https:\/\/firmadlakazdego.pl\/wp-content\/uploads\/FDK-Kto-potrzebuje-wizy-do-Polski-768x412.png 768w, https:\/\/firmadlakazdego.pl\/wp-content\/uploads\/FDK-Kto-potrzebuje-wizy-do-Polski-1536x825.png 1536w, https:\/\/firmadlakazdego.pl\/wp-content\/uploads\/FDK-Kto-potrzebuje-wizy-do-Polski.png 1710w\" sizes=\"(max-width: 1024px) 100vw, 1024px\" \/><\/figure>\n\n\n\n<h2 class=\"wp-block-heading\"><strong>Wizy do Polski \u2013 dla kogo? Cele wydawania wiz<\/strong><\/h2>\n\n\n\n<p>Wiemy ju\u017c wi\u0119c jakie s\u0105 powody wydawania wiz humanitarnych do Polski.<\/p>\n\n\n\n<p>Cele wydawania <strong>wiz krajowych<\/strong> oraz <strong>wiz Schengen<\/strong> s\u0105 jednak inne. Opisane zosta\u0142y one w artykule 60 <a href=\"https:\/\/isap.sejm.gov.pl\/isap.nsf\/DocDetails.xsp?id=wdu20130001650\" rel=\"nofollow noopener\" target=\"_blank\">Ustawy z dnia 12 grudnia 2013 r. o cudzoziemcach<\/a>.<\/p>\n\n\n\n<p><strong>Kto wi\u0119c potrzebuje wizy do Polski<\/strong>, a wi\u0119c <strong>dla kogo s\u0105 wizy do Polski?<\/strong> Przedstawiamy list\u0119 cel\u00f3w wydawania wiz krajowych i wiz Schengen:<\/p>\n\n\n\n<ul class=\"wp-block-list\">\n<li>Cele turystyczne,<\/li>\n\n\n\n<li>Okoliczno\u015b\u0107 odwiedzin u rodziny lub przyjaci\u00f3\u0142,<\/li>\n\n\n\n<li>Udzia\u0142 w imprezach sportowych,<\/li>\n\n\n\n<li>Prowadzenie dzia\u0142alno\u015bci gospodarczej,<\/li>\n\n\n\n<li>Wykonywanie pracy,<\/li>\n\n\n\n<li>Prowadzenie dzia\u0142alno\u015bci kulturalnej,<\/li>\n\n\n\n<li>Udzia\u0142 w konferencjach,<\/li>\n\n\n\n<li>Wykonywanie zada\u0144 s\u0142u\u017cbowych przez przedstawicieli organ\u00f3w obcego pa\u0144stwa lub organizacji mi\u0119dzynarodowej,<\/li>\n\n\n\n<li>Odbywanie studi\u00f3w (studi\u00f3w pierwszego stopnia, studi\u00f3w drugiego stopnia lub jednolitych studi\u00f3w magisterskich),<\/li>\n\n\n\n<li>Kszta\u0142cenie si\u0119 w szkole doktorskiej,<\/li>\n\n\n\n<li>Szkolenie zawodowe,<\/li>\n\n\n\n<li>Kszta\u0142cenie si\u0119 lub odbywanie szkolenia w innej formie,<\/li>\n\n\n\n<li>Cele dydaktyczne,<\/li>\n\n\n\n<li>Prowadzenie bada\u0144 naukowych lub prac rozwojowych,<\/li>\n\n\n\n<li>Odbywanie sta\u017cu,<\/li>\n\n\n\n<li>Udzia\u0142 w programie wolontariatu europejskiego,<\/li>\n\n\n\n<li>Tranzyt (w tym tranzyt lotniczy),<\/li>\n\n\n\n<li>Leczenie,<\/li>\n\n\n\n<li>Do\u0142\u0105czenie do obywatela pa\u0144stwa UE, obywatela pa\u0144stwa cz\u0142onkowskiego EFTA, obywatela Zjednoczonego Kr\u00f3lestwa Wielkiej Brytanii i Irlandii P\u00f3\u0142nocnej lub przebywanie razem z takim obywatelem,<\/li>\n\n\n\n<li>Udzia\u0142 w programie wymiany kulturalnej lub edukacyjnej, programie pomocy humanitarnej lub programie pracy wakacyjnej,<\/li>\n\n\n\n<li>Przybycie na terytorium Polski jako cz\u0142onek najbli\u017cszej rodziny repatrianta,<\/li>\n\n\n\n<li>Przybycie na terytorium Polski jako cz\u0142onek najbli\u017cszej rodziny osoby przebywaj\u0105cej w Polsce na podstawie zezwolenia na pobyt sta\u0142y uzyskanego na podstawie Karty Polaka,<\/li>\n\n\n\n<li>Korzystanie z uprawnie\u0144 wynikaj\u0105cych z posiadania Karty Polaka,<\/li>\n\n\n\n<li>Repatriacje,<\/li>\n\n\n\n<li>Korzystanie z ochrony czasowej,<\/li>\n\n\n\n<li>Przejazd ze wzgl\u0119d\u00f3w humanitarnych, z uwagi na interes pa\u0144stwa lub zobowi\u0105zania mi\u0119dzynarodowe,<\/li>\n\n\n\n<li>Realizacja zezwolenia na <a href=\"\/karta-pobytu-polaczenie-z-rodzina\/\">pobyt czasowy w celu \u0142\u0105czenia rodzin<\/a>,<\/li>\n\n\n\n<li>Realizacja zezwolenia na pobyt czasowy w celu wykonywania pracy w ramach przeniesienia wewn\u0105trz przedsi\u0119biorstwa,<\/li>\n\n\n\n<li>Realizacja zezwolenia na pobyt czasowy dla cz\u0142onka rodziny obywatela RP lub obywatela pa\u0144stwa cz\u0142onkowskiego UE,<\/li>\n\n\n\n<li>Inne cele, niewyszczeg\u00f3lnione powy\u017cej.<\/li>\n<\/ul>\n\n\n\n<h2 class=\"wp-block-heading\"><strong>Potrzebujesz wizy do Polski i poszukujesz pomocy w tym zakresie?<\/strong><\/h2>\n\n\n\n<p>Jeste\u015b cudzoziemcem, kt\u00f3ry potrzebuje <strong>wiz\u0119 do Polski<\/strong>? A mo\u017ce musisz <a href=\"https:\/\/firmadlakazdego.pl\/jak-przedluzyc-wize-w-polsce\/\">przed\u0142u\u017cy\u0107 swoj\u0105 wiz\u0119 w Polsce<\/a>? Fundacja Firma Dla Ka\u017cdego mo\u017ce by\u0107 dla Ciebie ko\u0142em ratunkowym.<\/p>\n\n\n\n<p>Fundacja Firma Dla Ka\u017cdego udziela bowiem pomocy w za\u0142atwianiu spraw urz\u0119dowych zwi\u0105zanych z legalizacj\u0105 pobytu cudzoziemc\u00f3w w Polsce.<\/p>\n\n\n\n<p>Wi\u0119cej informacji na ten temat znajdziesz na stronie: <a href=\"https:\/\/firmadlakazdego.pl\/cudzoziemcy\/\">https:\/\/firmadlakazdego.pl\/cudzoziemcy\/<\/a>.<\/p>\n\n\n\n<h2 class=\"wp-block-heading\">&nbsp;<strong>\u0179r\u00f3d\u0142a:<\/strong><\/h2>\n\n\n\n<ul class=\"wp-block-list\">\n<li><a href=\"https:\/\/isap.sejm.gov.pl\/isap.nsf\/DocDetails.xsp?id=wdu20130001650\" rel=\"nofollow noopener\" target=\"_blank\">Ustawa z dnia 12 grudnia 2013 r. o cudzoziemcach (t.j. Dz. U. z 2023 r. poz. 519 ze zm.)<\/a><\/li>\n\n\n\n<li><a href=\"https:\/\/www.gov.pl\/web\/dyplomacja\/wizy\" rel=\"nofollow noopener\" target=\"_blank\">https:\/\/www.gov.pl\/web\/dyplomacja\/wizy<\/a><\/li>\n\n\n\n<li><a href=\"https:\/\/firmadlakazdego.pl\/wizy-dla-bialorusinow-do-polski-2024\/\">https:\/\/firmadlakazdego.pl\/wizy-dla-bialorusinow-do-polski-2024\/<\/a><\/li>\n<\/ul>\n","protected":false},"excerpt":{"rendered":"<p>Kto potrzebuje wizy do Polski? Kto musi mie\u0107 wiz\u0119 do Polski? Z niniejszego artyku\u0142u dowiesz si\u0119 o celach wydawania wiz krajowych oraz wiz Schengen\u2026 Wiza do Polski \u2014 kto potrzebuje i jakie s\u0105 mo\u017cliwo\u015bci? Bia\u0142orusin, a tak\u017ce ka\u017cdy inny cudzoziemiec, kt\u00f3ry chce legalnie przebywa\u0107 w Polsce, potrzebuje do tego celu specjalny dokument. Dokumentem tym mo\u017ce [&hellip;]<\/p>\n","protected":false},"author":2,"featured_media":14948,"comment_status":"open","ping_status":"open","sticky":false,"template":"","format":"standard","meta":{"rank_math_lock_modified_date":false,"inline_featured_image":false,"footnotes":""},"categories":[8],"tags":[],"class_list":["post-14944","post","type-post","status-publish","format-standard","has-post-thumbnail","hentry","category-cudzoziemcy"],"acf":[],"_links":{"self":[{"href":"https:\/\/firmadlakazdego.pl\/action\/wp\/v2\/posts\/14944"}],"collection":[{"href":"https:\/\/firmadlakazdego.pl\/action\/wp\/v2\/posts"}],"about":[{"href":"https:\/\/firmadlakazdego.pl\/action\/wp\/v2\/types\/post"}],"author":[{"embeddable":true,"href":"https:\/\/firmadlakazdego.pl\/action\/wp\/v2\/users\/2"}],"replies":[{"embeddable":true,"href":"https:\/\/firmadlakazdego.pl\/action\/wp\/v2\/comments?post=14944"}],"version-history":[{"count":1,"href":"https:\/\/firmadlakazdego.pl\/action\/wp\/v2\/posts\/14944\/revisions"}],"predecessor-version":[{"id":14951,"href":"https:\/\/firmadlakazdego.pl\/action\/wp\/v2\/posts\/14944\/revisions\/14951"}],"wp:featuredmedia":[{"embeddable":true,"href":"https:\/\/firmadlakazdego.pl\/action\/wp\/v2\/media\/14948"}],"wp:attachment":[{"href":"https:\/\/firmadlakazdego.pl\/action\/wp\/v2\/media?parent=14944"}],"wp:term":[{"taxonomy":"category","embeddable":true,"href":"https:\/\/firmadlakazdego.pl\/action\/wp\/v2\/categories?post=14944"},{"taxonomy":"post_tag","embeddable":true,"href":"https:\/\/firmadlakazdego.pl\/action\/wp\/v2\/tags?post=14944"}],"curies":[{"name":"wp","href":"https:\/\/api.w.org\/{rel}","templated":true}]}}