{"id":14479,"date":"2023-07-21T19:46:38","date_gmt":"2023-07-21T19:46:38","guid":{"rendered":"https:\/\/firmadlakazdego.pl\/?p=14479"},"modified":"2023-07-22T17:57:41","modified_gmt":"2023-07-22T17:57:41","slug":"jak-prowadzic-dzialalnosc-gospodarcza-na-ryczalcie","status":"publish","type":"post","link":"https:\/\/firmadlakazdego.pl\/jak-prowadzic-dzialalnosc-gospodarcza-na-ryczalcie\/","title":{"rendered":"JAK PROWADZI\u0106 DZIA\u0141ALNO\u015a\u0106 GOSPODARCZ\u0104 NA RYCZA\u0141CIE?"},"content":{"rendered":"\n<p>Cho\u0107 prawo dopuszcza r\u00f3\u017cne formy opodatkowania dochod\u00f3w z dzia\u0142alno\u015bci gospodarczej, to w rzeczywisto\u015bci wielu przedsi\u0119biorc\u00f3w nie ma poj\u0119cia, jak prowadzi\u0107 dzia\u0142alno\u015b\u0107 gospodarcz\u0105 na rycza\u0142cie. Tymczasem dla wielu w\u0142a\u015bcicieli firm rycza\u0142t jest doskona\u0142ym sposobem optymalizacji podatkowej. Na czym polega rycza\u0142t, jak za\u0142o\u017cy\u0107 firm\u0119 na rycza\u0142cie i o czym warto pami\u0119ta\u0107 podczas prowadzenia dzia\u0142alno\u015bci gospodarczej na rycza\u0142cie? O tym poni\u017cej!<\/p>\n\n\n\n<h2 class=\"wp-block-heading\"><strong>Formy opodatkowania dochod\u00f3w z dzia\u0142alno\u015bci gospodarczej<\/strong><\/h2>\n\n\n\n<p>Ka\u017cdy przedsi\u0119biorca stoi przed wyzwaniem wyboru odpowiedniej formy opodatkowania dochod\u00f3w z dzia\u0142alno\u015bci gospodarczej. Podstawow\u0105 i zarazem najpopularniejsz\u0105 form\u0105 opodatkowania dochod\u00f3w z prowadzonej dzia\u0142alno\u015bci s\u0105 zasady og\u00f3lne, czyli skala podatkowa. Zak\u0142ada ona opodatkowanie dochod\u00f3w do pierwszego progu podatkowego, czyli kwoty 120&nbsp;000 z\u0142 podatkiem w wysoko\u015bci 12 proc. i 32 proc. \u2013 po przekroczeniu progu. Drug\u0105 opcj\u0105 jest opodatkowanie dochod\u00f3w podatkiem liniowym, kt\u00f3ry zak\u0142ada opodatkowanie dochodu sta\u0142\u0105 stawk\u0105 podatku w wysoko\u015bci 19 proc. A trzeci\u0105 &#8211; opodatkowanie dochod\u00f3w rycza\u0142tem od przychod\u00f3w ewidencjonowanych, kt\u00f3ry jest cz\u0119sto pomijany przez przedsi\u0119biorc\u00f3w.<\/p>\n\n\n\n<h2 class=\"wp-block-heading\"><strong>Zasady prowadzenia dzia\u0142alno\u015bci gospodarczej na rycza\u0142cie<\/strong><\/h2>\n\n\n\n<p>Zasady prowadzenia dzia\u0142alno\u015bci gospodarczej na rycza\u0142cie s\u0105 do\u015b\u0107 proste. Rycza\u0142t jest uproszczon\u0105 form\u0105 opodatkowania dochod\u00f3w uzyskiwanych z dzia\u0142alno\u015bci gospodarczej. Zak\u0142ada opodatkowanie dochod\u00f3w okre\u015blonymi stawkami od 2 do 17 proc. Przy czym wyb\u00f3r stawki uzale\u017cniony jest od rodzaju prowadzonej dzia\u0142alno\u015bci. Jak prowadzi\u0107 dzia\u0142alno\u015b\u0107 gospodarcz\u0105 na rycza\u0142cie? Przedsi\u0119biorcy samodzielne okre\u015blaj\u0105 wielko\u015b\u0107 rycza\u0142tu za ka\u017cdy miesi\u0105c i op\u0142acaj\u0105 go do 20 dnia nast\u0119pnego miesi\u0105ca, a za grudzie\u0144 \u2013 do ko\u0144ca stycznia. Jest te\u017c opcja rozlicze\u0144 kwartalnych. Jak za\u0142o\u017cy\u0107 firm\u0119 na rycza\u0142t? Wystarczy z\u0142o\u017cy\u0107 o\u015bwiadczenie o wyborze opodatkowania rycza\u0142tem we w\u0142a\u015bciwym urz\u0119dzie skarbowym lub w CEIDG.<\/p>\n\n\n\n<figure class=\"wp-block-image size-large\"><img loading=\"lazy\" decoding=\"async\" width=\"1024\" height=\"589\" src=\"https:\/\/firmadlakazdego.pl\/wp-content\/uploads\/FDK-ZALETY-I-WADY-RYCZALTU-1-1024x589.jpg\" alt=\"\" class=\"wp-image-14480\" srcset=\"https:\/\/firmadlakazdego.pl\/wp-content\/uploads\/FDK-ZALETY-I-WADY-RYCZALTU-1-1024x589.jpg 1024w, https:\/\/firmadlakazdego.pl\/wp-content\/uploads\/FDK-ZALETY-I-WADY-RYCZALTU-1-600x345.jpg 600w, https:\/\/firmadlakazdego.pl\/wp-content\/uploads\/FDK-ZALETY-I-WADY-RYCZALTU-1-768x442.jpg 768w, https:\/\/firmadlakazdego.pl\/wp-content\/uploads\/FDK-ZALETY-I-WADY-RYCZALTU-1-1536x883.jpg 1536w, https:\/\/firmadlakazdego.pl\/wp-content\/uploads\/FDK-ZALETY-I-WADY-RYCZALTU-1-2048x1178.jpg 2048w\" sizes=\"(max-width: 1024px) 100vw, 1024px\" \/><\/figure>\n\n\n\n<h3 class=\"wp-block-heading\"><strong>Kto mo\u017ce stosowa\u0107 rycza\u0142t, a kto nie mo\u017ce stosowa\u0107 rycza\u0142tu<\/strong><\/h3>\n\n\n\n<p>Prawo wskazuje dwie przes\u0142anki, kt\u00f3re musz\u0105 by\u0107 spe\u0142nione, aby przedsi\u0119biorca m\u00f3g\u0142 opodatkowa\u0107 dochody rycza\u0142tem. Po pierwsze, zgodnie z przepisami prawa, opodatkowa\u0107 swoje dochody rycza\u0142tem mo\u017ce osoba prowadz\u0105ca jednoosobow\u0105 dzia\u0142alno\u015b\u0107 gospodarcz\u0105, przedsi\u0119biorstwa w spadku oraz sp\u00f3\u0142ki cywilne, je\u015bli jedynymi wsp\u00f3lnikami s\u0105 osoby fizyczne lub osoby fizyczne, przedsi\u0119biorstwa w spadku oraz sp\u00f3\u0142ki jawne, je\u017celi jedynymi wsp\u00f3lnikami s\u0105 osoby fizyczne. Po drugie, przedsi\u0119biorca mo\u017ce skorzysta\u0107 z rycza\u0142tu, je\u015bli jego przychody w poprzednim roku podatkowym <strong>nie przekroczy\u0142y limitu 2 mln euro,<\/strong> liczonego wg \u015bredniego kursu euro og\u0142aszanego przez NBP na pierwszy dzie\u0144 roboczy pa\u017adziernika roku poprzedniego. Pozosta\u0142e regulacje w tym zakresie dost\u0119pne s\u0105 na stronie <a href=\"https:\/\/www.biznes.gov.pl\/pl\/portal\/00263#1\" rel=\"nofollow noopener\" target=\"_blank\">https:\/\/www.biznes.gov.pl\/pl\/portal\/00263#1<\/a>.<\/p>\n\n\n\n<h3 class=\"wp-block-heading\"><strong>W\u0142asna dzia\u0142alno\u015b\u0107 gospodarcza, rycza\u0142t a ewidencja dochod\u00f3w<\/strong><\/h3>\n\n\n\n<p>Problemem przedsi\u0119biorc\u00f3w jest brak wiedzy na temat tego, jak prowadzi\u0107 dzia\u0142alno\u015b\u0107 gospodarcz\u0105 na rycza\u0142cie i jakie s\u0105 zasady prowadzenia dzia\u0142alno\u015bci gospodarczej na rycza\u0142cie w zakresie ewidencji. Tymczasem s\u0105 one proste &#8211; przedsi\u0119biorcy na rycza\u0142cie korzystaj\u0105 z ksi\u0119gowo\u015bci uproszczonej.. Zgodnie z prawem, ewidencja przychod\u00f3w na rycza\u0142cie powinna by\u0107 prowadzona wed\u0142ug wzoru z <a href=\"http:\/\/isap.sejm.gov.pl\/isap.nsf\/DocDetails.xsp?id=WDU20210002414&amp;SessionID=2BE7F0DBAE558A65624E78E789E9B29882BBFF14\" target=\"_blank\" rel=\"noreferrer noopener nofollow\">rozporz\u0105dzenia Ministra Finans\u00f3w z dnia 17 grudnia 2021 r. w sprawie prowadzenia ewidencji przychod\u00f3w i wykazu \u015brodk\u00f3w trwa\u0142ych oraz warto\u015bci niematerialnych i prawnych<\/a>.<\/p>\n\n\n\n<h3 class=\"wp-block-heading\"><strong>Stawki podatku w ramach rycza\u0142tu<\/strong> <\/h3>\n\n\n\n<p>Przyk\u0142adowo, najwy\u017csz\u0105 stawk\u0105 obj\u0119te s\u0105 dochody wolnych zawod\u00f3w, 15 proc. stawk\u0105 &#8211; dochody z po\u015brednictwa w&nbsp;sprzeda\u017cy hurtowej, a stawk\u0105 w wysoko\u015bci 14 proc. obj\u0119te s\u0105 wp\u0142ywy z us\u0142ug architektonicznych i in\u017cynierskich, bada\u0144 i analiz technicznych, opieki zdrowotnej i specjalistycznego projektowania. Z kolei stawka 12,5 proc. obejmuje m.in. doch\u00f3d z&nbsp;us\u0142ug doradztwa w zakresie sprz\u0119tu komputerowego, a stawk\u0105 w wysoko\u015bci 10 proc. obj\u0119te s\u0105 przychody z us\u0142ug w zakresie kupna i sprzeda\u017cy nieruchomo\u015bci na w\u0142asny rachunek. Natomiast stawka 8,5 proc. przychod\u00f3w do kwoty 100 tys. z\u0142 i 12,5 proc. przychod\u00f3w od nadwy\u017cki ponad kwot\u0119 100 tys. z\u0142 dotyczy dochod\u00f3w m.in. z tytu\u0142u us\u0142ug zwi\u0105zanych z&nbsp;zakwaterowaniem. Stawk\u0105 5,5 proc. obj\u0119te s\u0105 dochody z dzia\u0142alno\u015bci wytw\u00f3rczej, rob\u00f3t budowlanych lub w zakresie przewoz\u00f3w \u0142adunk\u00f3w taborem samochodowym o \u0142adowno\u015bci powy\u017cej 2 ton, a stawk\u0105 3 proc. \u2013 &nbsp;dochody m.in. z dzia\u0142alno\u015bci gastronomicznej, z wyj\u0105tkiem przychod\u00f3w ze sprzeda\u017cy napoj\u00f3w o zawarto\u015bci alkoholu powy\u017cej 1,5 proc.<\/p>\n","protected":false},"excerpt":{"rendered":"<p>Cho\u0107 prawo dopuszcza r\u00f3\u017cne formy opodatkowania dochod\u00f3w z dzia\u0142alno\u015bci gospodarczej, to w rzeczywisto\u015bci wielu przedsi\u0119biorc\u00f3w nie ma poj\u0119cia, jak prowadzi\u0107 dzia\u0142alno\u015b\u0107 gospodarcz\u0105 na rycza\u0142cie. Tymczasem dla wielu w\u0142a\u015bcicieli firm rycza\u0142t jest doskona\u0142ym sposobem optymalizacji podatkowej. Na czym polega rycza\u0142t, jak za\u0142o\u017cy\u0107 firm\u0119 na rycza\u0142cie i o czym warto pami\u0119ta\u0107 podczas prowadzenia dzia\u0142alno\u015bci gospodarczej na rycza\u0142cie? [&hellip;]<\/p>\n","protected":false},"author":2,"featured_media":14492,"comment_status":"open","ping_status":"open","sticky":false,"template":"","format":"standard","meta":{"rank_math_lock_modified_date":false,"inline_featured_image":false,"footnotes":""},"categories":[10,6],"tags":[],"class_list":["post-14479","post","type-post","status-publish","format-standard","has-post-thumbnail","hentry","category-blog","category-ekonomia-gospodarka"],"acf":[],"_links":{"self":[{"href":"https:\/\/firmadlakazdego.pl\/action\/wp\/v2\/posts\/14479"}],"collection":[{"href":"https:\/\/firmadlakazdego.pl\/action\/wp\/v2\/posts"}],"about":[{"href":"https:\/\/firmadlakazdego.pl\/action\/wp\/v2\/types\/post"}],"author":[{"embeddable":true,"href":"https:\/\/firmadlakazdego.pl\/action\/wp\/v2\/users\/2"}],"replies":[{"embeddable":true,"href":"https:\/\/firmadlakazdego.pl\/action\/wp\/v2\/comments?post=14479"}],"version-history":[{"count":3,"href":"https:\/\/firmadlakazdego.pl\/action\/wp\/v2\/posts\/14479\/revisions"}],"predecessor-version":[{"id":14488,"href":"https:\/\/firmadlakazdego.pl\/action\/wp\/v2\/posts\/14479\/revisions\/14488"}],"wp:featuredmedia":[{"embeddable":true,"href":"https:\/\/firmadlakazdego.pl\/action\/wp\/v2\/media\/14492"}],"wp:attachment":[{"href":"https:\/\/firmadlakazdego.pl\/action\/wp\/v2\/media?parent=14479"}],"wp:term":[{"taxonomy":"category","embeddable":true,"href":"https:\/\/firmadlakazdego.pl\/action\/wp\/v2\/categories?post=14479"},{"taxonomy":"post_tag","embeddable":true,"href":"https:\/\/firmadlakazdego.pl\/action\/wp\/v2\/tags?post=14479"}],"curies":[{"name":"wp","href":"https:\/\/api.w.org\/{rel}","templated":true}]}}